{"id":687,"date":"2020-02-08T09:25:32","date_gmt":"2020-02-08T12:25:32","guid":{"rendered":"http:\/\/mulheresdealmaempreendedora.com\/?p=687"},"modified":"2020-02-08T09:25:32","modified_gmt":"2020-02-08T12:25:32","slug":"magazine-luiza-vai-as-compras-aquisicao-da-estante-virtual","status":"publish","type":"post","link":"https:\/\/mulheresdealmaempreendedora.com\/?p=687","title":{"rendered":"Magazine Luiza vai \u00e0s Compras &#8211; Aquisi\u00e7\u00e3o da Estante Virtual"},"content":{"rendered":"\n<p>A Magazine Luiza, empresa que tem em seu comando uma mulher forte e determinada &#8211; Luiza Helena Trajano &#8211;&nbsp; foi \u00e0s compras novamente: depois de comprar a Netshoes, a gigante do varejo adquiriu, na semana passada a Estante Virtual, pelo valor de R$ 31,1 milh\u00f5es!&nbsp;<\/p>\n\n\n\n<p>A Estante Virtual funciona como o maior acervo de livros usados em meio digital e pertencia \u00e0 Livraria Cultura, que enfrenta uma crise desde 2014. A venda foi uma das sa\u00eddas da Cultura para capitalizar e evitar uma posterior fal\u00eancia, devido a uma d\u00edvida de mais de R$ 250 milh\u00f5es.&nbsp;<\/p>\n\n\n\n<p>Falando de uma empresa gigante como a Magazine Luiza, voc\u00ea deve pensar: mas o que isso tem a ver com o meu neg\u00f3cio? Ou com a minha vida?<\/p>\n\n\n\n<p>Ora. Al\u00e9m de ser essencial que uma empreendedora esteja atenta \u00e0s movimenta\u00e7\u00f5es do mercado, por aqui buscamos trazer para voc\u00ea algumas hist\u00f3rias, reflex\u00f5es e inspira\u00e7\u00f5es.&nbsp;&nbsp;Independente do tamanho do empreendimento, \u00e9 preciso ter coragem, confian\u00e7a e muitas vezes correr riscos. Concorda?&nbsp;<\/p>\n\n\n\n<p>Al\u00e9m disso, vale lembrar que uma das pessoas que comanda esse imp\u00e9rio, h\u00e1 anos, \u00e9 uma mulher, que quando assumiu os neg\u00f3cios da fam\u00edlia, a Magazine Luiza era apenas uma pequena rede de lojas no interior de S\u00e3o Paulo.&nbsp;<\/p>\n\n\n\n<p>H\u00e1 25 anos \u00e0 frente do grupo, a hist\u00f3ria de Luiza Trajano&nbsp;\u00e9 um exemplo para todas n\u00f3s empreendedoras, que buscamos sucesso em nossos neg\u00f3cios, independente do segmento ou porte. Sua hist\u00f3ria tem muito a nos ensinar sobre lideran\u00e7a, determina\u00e7\u00e3o e busca constante pela inova\u00e7\u00e3o.<\/p>\n\n\n\n<p>A <a href=\"https:\/\/amzn.to\/38fsD4p\" target=\"_blank\" rel=\"noreferrer noopener\">Magazine Luiza <\/a>foi uma das pioneiras, na d\u00e9cada de 80, a implementar um sistema de computa\u00e7\u00e3o nas lojas, por exemplo. Fazer o futuro acontecer antes sempre foi uma das marcas da empresa.<\/p>\n\n\n\n<p>Outro ponto muito bacana: reconhecida por seu modelo de gest\u00e3o humanit\u00e1rio, sendo pautado pela valoriza\u00e7\u00e3o de seus funcion\u00e1rios, Luiza acredita que quando o funcion\u00e1rio se sente valorizado, com autonomia para criar e contribuir com a empresa, todos ganham. Dessa forma, ela encontra um terreno f\u00e9rtil para se desenvolver e a empresa pode contar com o time para alcan\u00e7ar seus resultados.<\/p>\n\n\n\n<p>J\u00e1 tive a oportunidade de encontr\u00e1-la em alguns eventos e Luiza Helena sempre se mostrou muito atenciosa, humilde, simples e com muita fibra. Com uma hist\u00f3ria que \u00e9 puro foco, determina\u00e7\u00e3o e muito trabalho, h\u00e1 uma mulher cheia de princ\u00edpios, valores e com uma forte rede de apoio &#8211; fam\u00edlia, amigos e colaboradores.&nbsp;<\/p>\n\n\n\n<p>E isso tudo \u00e9 importante para a constru\u00e7\u00e3o de qualquer neg\u00f3cio, n\u00e3o \u00e9 mesmo?&nbsp;<\/p>\n\n\n\n<p>Inspire outras e inspire-se em outras. Apoie e pe\u00e7a apoio! E o mais importante: acredite no seu poder. <\/p>\n\n\n\n<p> <a rel=\"noreferrer noopener\" href=\"https:\/\/somos.mulheresdealmaempreendedora.com\/newsletter\" target=\"_blank\">Assine a nossa Newsletter com dicas imperd\u00edveis de empreendedorismo e desenvolvimento feminino clicando <strong><em>aqui<\/em><\/strong>. <\/a> <\/p>\n\n\n\n\n\n<div style=\"height:100px\" aria-hidden=\"true\" class=\"wp-block-spacer\"><\/div>\n","protected":false},"excerpt":{"rendered":"<p>A Magazine Luiza, empresa que tem em seu comando uma mulher forte e determinada &#8211; Luiza Helena Trajano &#8211;&nbsp; foi \u00e0s compras novamente: depois de comprar a Netshoes, a gigante do varejo adquiriu, na semana passada a Estante Virtual, pelo valor de R$ 31,1 milh\u00f5es!&nbsp; A Estante Virtual funciona como o maior acervo de livros [&hellip;]<\/p>\n","protected":false},"author":7,"featured_media":794,"comment_status":"open","ping_status":"open","sticky":false,"template":"","format":"standard","meta":{"footnotes":"","_jetpack_memberships_contains_paid_content":false},"categories":[4,57],"tags":[53,54,55,56],"jetpack_sharing_enabled":true,"jetpack_featured_media_url":"","jetpack-related-posts":[],"_links":{"self":[{"href":"https:\/\/mulheresdealmaempreendedora.com\/index.php?rest_route=\/wp\/v2\/posts\/687"}],"collection":[{"href":"https:\/\/mulheresdealmaempreendedora.com\/index.php?rest_route=\/wp\/v2\/posts"}],"about":[{"href":"https:\/\/mulheresdealmaempreendedora.com\/index.php?rest_route=\/wp\/v2\/types\/post"}],"author":[{"embeddable":true,"href":"https:\/\/mulheresdealmaempreendedora.com\/index.php?rest_route=\/wp\/v2\/users\/7"}],"replies":[{"embeddable":true,"href":"https:\/\/mulheresdealmaempreendedora.com\/index.php?rest_route=%2Fwp%2Fv2%2Fcomments&post=687"}],"version-history":[{"count":0,"href":"https:\/\/mulheresdealmaempreendedora.com\/index.php?rest_route=\/wp\/v2\/posts\/687\/revisions"}],"wp:featuredmedia":[{"embeddable":true,"href":"https:\/\/mulheresdealmaempreendedora.com\/index.php?rest_route=\/"}],"wp:attachment":[{"href":"https:\/\/mulheresdealmaempreendedora.com\/index.php?rest_route=%2Fwp%2Fv2%2Fmedia&parent=687"}],"wp:term":[{"taxonomy":"category","embeddable":true,"href":"https:\/\/mulheresdealmaempreendedora.com\/index.php?rest_route=%2Fwp%2Fv2%2Fcategories&post=687"},{"taxonomy":"post_tag","embeddable":true,"href":"https:\/\/mulheresdealmaempreendedora.com\/index.php?rest_route=%2Fwp%2Fv2%2Ftags&post=687"}],"curies":[{"name":"wp","href":"https:\/\/api.w.org\/{rel}","templated":true}]}}