{"id":83,"date":"2019-10-31T07:48:29","date_gmt":"2019-10-31T10:48:29","guid":{"rendered":"https:\/\/futuriodemos.com\/default-demo\/?p=6"},"modified":"2019-10-31T07:48:29","modified_gmt":"2019-10-31T10:48:29","slug":"as-bruxas-chegam-ao-halloween","status":"publish","type":"post","link":"https:\/\/mulheresdealmaempreendedora.com\/?p=83","title":{"rendered":"Como as bruxas chegaram ao Halloween. Origem e mitos."},"content":{"rendered":"\n<p>Quem\nn\u00e3o se arrepia com a palavra Bruxa e sua associa\u00e7\u00e3o \u00e0 terr\u00edvel persegui\u00e7\u00e3o das\nmulheres rotuladas como feiticeiras e condenadas \u00e0 morte durante a Inquisi\u00e7\u00e3o\nda Idade M\u00e9dia?<\/p>\n\n\n\n<h2 class=\"wp-block-heading\">A pergunta que n\u00e3o quer\ncalar: Como as Bruxas chegaram ao Halloween?<\/h2>\n\n\n\n<div class=\"wp-block-image\"><figure class=\"aligncenter size-large\"><img decoding=\"async\" src=\"https:\/\/i0.wp.com\/mulheresdealmaempreendedora.com\/wp-content\/uploads\/2019\/12\/the-festival-of-samhain-is-celebrated-in-glastonbury-1024x693.jpg?resize=1024%2C693&#038;ssl=1\" alt=\"\" class=\"wp-image-396\" data-recalc-dims=\"1\"\/><figcaption>O Festival de Samhain celebrado em Glastonbury. Fonte: reprodu\u00e7\u00e3o History.com<\/figcaption><\/figure><\/div>\n\n\n\n<h3 class=\"wp-block-heading\">A origem do Halloween<\/h3>\n\n\n\n<p>O\nque chamamos hoje de Halloween tem sua origem em um dos 4 mais importantes\nfestivais do fogo celebrados pelos antigos povos celtas que foi transformado e\ntransfigurado com a ascens\u00e3o da igreja cat\u00f3lica e o seu h\u00e1bito de apoderar-se\nde antigas culturas espirituais para reduzi-las ou dizim\u00e1-las.<\/p>\n\n\n\n<p>O Festival de Samhain celebrado em Glastonbury. Fonte:\nreprodu\u00e7\u00e3o History.com<\/p>\n\n\n\n<p>Na regi\u00e3o em que atualmente \u00e9\nIrlanda e Esc\u00f3cia era celebrado o \u2018<strong>Samhain<\/strong>\u2019,\numa das 4 mais importantes festividades do fogo. Acontecia no ponto m\u00e9dio entre\no equin\u00f3cio do outono (23 de setembro) e o solst\u00edcio de inverno (21 de\ndezembro), 31 de outubro, inaugurando a fase mais escura do ano do hemisf\u00e9rio\nNorte.&nbsp;<\/p>\n\n\n\n<p>O\nSamhain celebrava tamb\u00e9m o final da colheita e os celebrantes acreditam que\nnesse momento as barreiras entre o mundo f\u00edsico e o mundo espiritual&nbsp;\nreduziam-se, permitindo mais intera\u00e7\u00e3o entre humanos e habitantes do Outro\nMundo. Por isso, eles prepararam oferendas e as deixavam fora das vilas e\ncampos para fadas, ou Sidhs. Por esse motivo, os celtas se vestiam de animais e\nmonstros para que as fadas n\u00e3o fossem tentadas a sequestr\u00e1-los. Alguns monstros\nespec\u00edficos foram associados \u00e0 mitologia em torno do Samhain, nenhum deles\nrelaciona-se com bruxas.&nbsp;<\/p>\n\n\n\n<h3 class=\"wp-block-heading\">A transi\u00e7\u00e3o do Samhain\npara Halloween<\/h3>\n\n\n\n<p>Quando o cristianismo se\nestabeleceu nas comunidades ditas \u2018pag\u00e3s\u2019, os l\u00edderes da igreja tentaram\nreformular o Samhain como uma celebra\u00e7\u00e3o crist\u00e3. No S\u00e9culo X o papa Bonif\u00e1cio\ndeterminou o dia&nbsp;<strong>13 de\nMaio como Dia de Todos os Santos e M\u00e1rtires<\/strong>. Sem sucesso, j\u00e1 no\ns\u00e9culo IX, o papa Greg\u00f3rio voltou a data \u00e0 \u00e9poca dos festivais de fogo, mas\ndeclarou o&nbsp;<strong>Dia de Todos\nos Santos<\/strong>&nbsp;em&nbsp;<strong>1\u00ba\nde novembro&nbsp;<\/strong>e&nbsp;<strong>Dia\nde Todas as Almas<\/strong>&nbsp;aconteceria em&nbsp;<strong>2 de novembro<\/strong>.<\/p>\n\n\n\n<p>Com a gradual transforma\u00e7\u00e3o do\nSamhain em \u2018Halloween\u2019 \u2013 palavra derivada da contra\u00e7\u00e3o do termo escoc\u00eas&nbsp;<em>All Hallows\u2019 Eve<\/em>, que significa\nv\u00e9spera do Dia de Todos-os-Santos, data comemorativa do calend\u00e1rio crist\u00e3o \u2013\nnovos s\u00edmbolos e significados foram adicionados \u00e0 festividade. Aproveitando-se\ndo car\u00e1ter de terror e medo presente no original celta, associou-se outras\nfiguras temidas mais recentemente: bruxas, zumbis, gato preto, vampiros, etc\u2026<\/p>\n\n\n\n<h3 class=\"wp-block-heading\">As bruxas chegam ao\nHalloween<\/h3>\n\n\n\n<figure class=\"wp-block-image size-large\"><img decoding=\"async\" src=\"https:\/\/i0.wp.com\/mulheresdealmaempreendedora.com\/wp-content\/uploads\/2019\/10\/Party-vector-created-by-freepik-1024x1024.jpg?resize=1024%2C1024&#038;ssl=1\" alt=\"\" class=\"wp-image-397\" data-recalc-dims=\"1\"\/><figcaption>Fonte: Party vector created by freepik<\/figcaption><\/figure>\n\n\n\n<p>H\u00e1 rumores tamb\u00e9m de que foi a<strong>&nbsp;ind\u00fastria de cart\u00f5es acrescentou a\nfigura de bruxas&nbsp;<\/strong>para o Halloween no final do s\u00e9culo XIX,\napostando que elas seriam uma boa representa\u00e7\u00e3o visual para o feriado\nmacabro.&nbsp;<\/p>\n\n\n\n<p>Eu\ndiria que macabra \u00e9 essa ideia de colocar o mito da bruxa a representar uma\nfestividade espiritual celta que nada tinha a ver com feiti\u00e7os ou a exist\u00eancia\ndo diabo. Por mais inofensiva que essa associa\u00e7\u00e3o das Bruxas com o Halloween\npossa parecer, refor\u00e7a antigas ideias de maldade, pecado, diabo, obscuridade do\nfeminino que n\u00f3s devemos desvelar.&nbsp;<\/p>\n\n\n\n<p><strong>Celebre o Halloween da forma como quiser, mas deixe as bruxinhas pra l\u00e1!<\/strong>&nbsp;Afinal, elas n\u00e3o tem nada a ver com 31 de Outubro &#x1f642;<\/p>\n\n\n\n<p> <a rel=\"noreferrer noopener\" href=\"https:\/\/somos.mulheresdealmaempreendedora.com\/newsletter\" target=\"_blank\">Assine a nossa Newsletter com dicas imperd\u00edveis de empreendedorismo e desenvolvimento feminino clicando <strong><em>aqui<\/em><\/strong>. <\/a> <\/p>\n\n\n\n<h4 class=\"wp-block-heading\">Fontes:<\/h4>\n\n\n\n<ul><li><a rel=\"noreferrer noopener\" href=\"https:\/\/www.history.com\/topics\/holidays\/samhain\" target=\"_blank\">History.com<\/a><\/li><li><a rel=\"noreferrer noopener\" href=\"https:\/\/www.shutterstock.com\/pt\/blog\/simbolismo-assustador-historia-por-tras-de-imagens-iconicas-dia-das-bruxas\" target=\"_blank\">Shutterstock<\/a><\/li><li><a rel=\"noreferrer noopener\" href=\"https:\/\/www.tsf.pt\/internacional\/made-in-usa-como-o-halloween-nasceu-na-europa-10112783.html\" target=\"_blank\">TSF R\u00e1dio Not\u00edcias<\/a><\/li><li><a rel=\"noreferrer noopener\" href=\"https:\/\/pt.wikipedia.org\/wiki\/Dia_das_Bruxas\" target=\"_blank\">Wikipedia<\/a><\/li><\/ul>\n\n\n\n<div style=\"height:25px\" aria-hidden=\"true\" class=\"wp-block-spacer\"><\/div>\n\n\n","protected":false},"excerpt":{"rendered":"<p>Quem n\u00e3o se arrepia com a palavra Bruxa e sua associa\u00e7\u00e3o \u00e0 terr\u00edvel persegui\u00e7\u00e3o das mulheres rotuladas como feiticeiras e condenadas \u00e0 morte durante a Inquisi\u00e7\u00e3o da Idade M\u00e9dia? A pergunta que n\u00e3o quer calar: Como as Bruxas chegaram ao Halloween? A origem do Halloween O que chamamos hoje de Halloween tem sua origem em [&hellip;]<\/p>\n","protected":false},"author":1,"featured_media":1365,"comment_status":"open","ping_status":"open","sticky":false,"template":"","format":"standard","meta":{"footnotes":"","_jetpack_memberships_contains_paid_content":false},"categories":[4,10],"tags":[5,6,7,8,9],"jetpack_sharing_enabled":true,"jetpack_featured_media_url":"","jetpack-related-posts":[],"_links":{"self":[{"href":"https:\/\/mulheresdealmaempreendedora.com\/index.php?rest_route=\/wp\/v2\/posts\/83"}],"collection":[{"href":"https:\/\/mulheresdealmaempreendedora.com\/index.php?rest_route=\/wp\/v2\/posts"}],"about":[{"href":"https:\/\/mulheresdealmaempreendedora.com\/index.php?rest_route=\/wp\/v2\/types\/post"}],"author":[{"embeddable":true,"href":"https:\/\/mulheresdealmaempreendedora.com\/index.php?rest_route=\/wp\/v2\/users\/1"}],"replies":[{"embeddable":true,"href":"https:\/\/mulheresdealmaempreendedora.com\/index.php?rest_route=%2Fwp%2Fv2%2Fcomments&post=83"}],"version-history":[{"count":0,"href":"https:\/\/mulheresdealmaempreendedora.com\/index.php?rest_route=\/wp\/v2\/posts\/83\/revisions"}],"wp:featuredmedia":[{"embeddable":true,"href":"https:\/\/mulheresdealmaempreendedora.com\/index.php?rest_route=\/"}],"wp:attachment":[{"href":"https:\/\/mulheresdealmaempreendedora.com\/index.php?rest_route=%2Fwp%2Fv2%2Fmedia&parent=83"}],"wp:term":[{"taxonomy":"category","embeddable":true,"href":"https:\/\/mulheresdealmaempreendedora.com\/index.php?rest_route=%2Fwp%2Fv2%2Fcategories&post=83"},{"taxonomy":"post_tag","embeddable":true,"href":"https:\/\/mulheresdealmaempreendedora.com\/index.php?rest_route=%2Fwp%2Fv2%2Ftags&post=83"}],"curies":[{"name":"wp","href":"https:\/\/api.w.org\/{rel}","templated":true}]}}